{"id":40504,"date":"2012-12-01T09:38:57","date_gmt":"2012-12-01T08:38:57","guid":{"rendered":"https:\/\/www.sciencefictionfestival.org\/siamo-tornati-in-centro\/"},"modified":"2022-02-01T11:02:57","modified_gmt":"2022-02-01T10:02:57","slug":"siamo-tornati-in-centro","status":"publish","type":"post","link":"https:\/\/www.sciencefictionfestival.org\/en\/siamo-tornati-in-centro\/","title":{"rendered":"Let the science fiction begin!"},"content":{"rendered":"<p>Daniele Terzoli, President of the Cappella Underground, has finally shed light on this year\u2019s Trieste Science+Fiction festival. The 2012 edition will take place from Wednesday 5th December until Sunday 9th December at the Sala Tripcovich and Teatro Miela, where the winners of festival\u2019s two competitions, the Asteroide and the M\u00e9li\u00e8s d&#8217;Or, will be revealed. The Mayor and Councillor for Culture Roberto Cosolini were also at the press conference where the opening of Bonelli\u2019s \u201cL\u2019Audace\u201d exhibition (running in conjunction with the Festival) was also announced. Mayan predictions permitting, the display will run until the end of March 2013. Other news included information on admissions, press tickets, and accompanying parties. But let\u2019s start by revealing the Festival\u2019s programme, the most important news from the press conference.<br \/>\nThere are ten films in the festival\u2019s Asteroide and M\u00e9li\u00e8s d&#8217;Or competitions this year. Movies include: the brilliant debut from Brandon Cronenburg Antiviral (in competition for the Asteroide prize); the hilarious Irish monster movie Grabbers by Jon Wright (Asteroid and M\u00e9li\u00e8s); the first film by American independent directors Justin Benson and Aaron Scott Moorhead, Resolution (Asteroide); London zombie comedy Cockneys vs. Zombies (Asteroide and M\u00e9li\u00e8s) by Matthias Hoene; Kiss of the Damned (Asteroide) by Xan Cassavetes, daughter of the great director Nick Cassavetes and actress Gena Rowlands &#8211; finally a female science fiction director in a predominantly masculine world. Other films in competition include Eron Sheean\u2019s French-Australian co-production Errors of the Human Body (Asteroide and M\u00e9li\u00e8s), that looks at the cost of scientific progress, paying particular attention to genetic research; Veit Helmer\u2019s political science fiction film Baikonur (M\u00e9li\u00e8s), with music by Goran Bregovich; and Jonathan Zarantonello\u2019s Italian-American production The Butterfly Room (M\u00e9li\u00e8s d&#8217;Or), starring Barbara Steele who plays a strange woman who lives alone and has a strange obsession for butterflies.<br \/>\nNational premieres include the post-apocalyptic film The Divide (Asteroide) by French director Xavier Gens (who has acted as assistant director in films such as John Frankenheimer\u2019s Ronin with Robert DeNiro and Jean Reno and Ringo Lam\u2019s Maximum Risk, with Jean Claude Van Damme. Gens has also directed the acclaimed Frontier(s) and Hitman), with Lauren German, Milo Ventimiglia, Michael Biehn and Rosanna Arquette. Lastly, we have the third instalment in the celebrated fantasy horror saga [Rec]\u00b3 G\u00e9nesis, (M\u00e9li\u00e8s), directed by Paco Plaza and starring Leticia Dolera. Plaza co directed the previous two films along with Jaume Balaguer\u00f3, and is in now shooting the films sequel, Rec4: Apocalypse, set for release in 2013)<br \/>\nHighly anticipated films out of competition include: Jan Kwiecinski, Alexey Fedorchenko and Harmony Korine\u2019s episode film The Fourth Dimension; the Korean Doomsday Book by proven science fiction directors Kim Jee-woon and Yim Pil-sung; cult director Loes Carax\u2019s film Holy Motors, about a man who continually changes his identity with Eva Mendes, Kylie Minogue, Michel Piccoli and Denis Lavant; John Dies at the End about a drug that promises out of body experiences by American director Don Coscarelli, and the festival\u2019s opening film, Looper, by American Rian Johnson, starring Joseph Gordon-Levitt and Bruce Willis. The Disney film will enjoy general release in Italy from January 2013.<br \/>\nLet the science fiction begin!<\/p>\n<p><img loading=\"lazy\" decoding=\"async\" src=\"\/wp-content\/uploads\/2014\/07\/conferenza-stampa-816x544.jpg\" alt=\"conferenza-stampa-816x544\" width=\"816\" height=\"544\" class=\"alignnone size-full wp-image-252\" \/><\/p>\n","protected":false},"excerpt":{"rendered":"<p>Daniele Terzoli, President of the Cappella Underground, has finally shed light on this year\u2019s Trieste Science+Fiction festival. The 2012 edition will take place from Wednesday 5th December until Sunday 9th December at the Sala Tripcovich and Teatro Miela, where the [&hellip;] <a class=\"g1-link g1-link-more\" href=\"https:\/\/www.sciencefictionfestival.org\/en\/siamo-tornati-in-centro\/\">More<\/a><\/p>\n","protected":false},"author":1,"featured_media":40502,"comment_status":"open","ping_status":"open","sticky":false,"template":"","format":"standard","meta":{"cybocfi_hide_featured_image":"","footnotes":""},"categories":[414],"tags":[],"adace-sponsor":[],"class_list":{"0":"post-40504","1":"post","2":"type-post","3":"status-publish","4":"format-standard","5":"has-post-thumbnail","7":"category-2012-en"},"yoast_head":"<!-- This site is optimized with the Yoast SEO plugin v27.1.1 - https:\/\/yoast.com\/product\/yoast-seo-wordpress\/ -->\n<title>Let the science fiction begin! - Trieste Science+Fiction Festival<\/title>\n<meta name=\"robots\" content=\"index, follow, max-snippet:-1, max-image-preview:large, max-video-preview:-1\" \/>\n<link rel=\"canonical\" href=\"https:\/\/www.sciencefictionfestival.org\/siamo-tornati-in-centro\/?lang=en\" \/>\n<meta property=\"og:locale\" content=\"en_US\" \/>\n<meta property=\"og:type\" content=\"article\" \/>\n<meta property=\"og:title\" content=\"Let the science fiction begin! - Trieste Science+Fiction Festival\" \/>\n<meta property=\"og:description\" content=\"Daniele Terzoli, President of the Cappella Underground, has finally shed light on this year\u2019s Trieste Science+Fiction festival. The 2012 edition will take place from Wednesday 5th December until Sunday 9th December at the Sala Tripcovich and Teatro Miela, where the [&hellip;] More\" \/>\n<meta property=\"og:url\" content=\"https:\/\/www.sciencefictionfestival.org\/siamo-tornati-in-centro\/?lang=en\" \/>\n<meta property=\"og:site_name\" content=\"Trieste Science+Fiction Festival\" \/>\n<meta property=\"article:published_time\" content=\"2012-12-01T08:38:57+00:00\" \/>\n<meta property=\"article:modified_time\" content=\"2022-02-01T10:02:57+00:00\" \/>\n<meta property=\"og:image\" content=\"https:\/\/www.sciencefictionfestival.org\/wp-content\/uploads\/2012\/12\/Siamo-tornati-in-centro.jpg\" \/>\n\t<meta property=\"og:image:width\" content=\"1000\" \/>\n\t<meta property=\"og:image:height\" content=\"562\" \/>\n\t<meta property=\"og:image:type\" content=\"image\/jpeg\" \/>\n<meta name=\"author\" content=\"admin\" \/>\n<meta name=\"twitter:card\" content=\"summary_large_image\" \/>\n<meta name=\"twitter:label1\" content=\"Written by\" \/>\n\t<meta name=\"twitter:data1\" content=\"admin\" \/>\n\t<meta name=\"twitter:label2\" content=\"Est. reading time\" \/>\n\t<meta name=\"twitter:data2\" content=\"3 minutes\" \/>\n<script type=\"application\/ld+json\" class=\"yoast-schema-graph\">{\"@context\":\"https:\/\/schema.org\",\"@graph\":[{\"@type\":\"Article\",\"@id\":\"https:\/\/www.sciencefictionfestival.org\/siamo-tornati-in-centro\/?lang=en#article\",\"isPartOf\":{\"@id\":\"https:\/\/www.sciencefictionfestival.org\/siamo-tornati-in-centro\/?lang=en\"},\"author\":{\"name\":\"admin\",\"@id\":\"https:\/\/www.sciencefictionfestival.org\/#\/schema\/person\/d7f56a75ad687eeb8b1403a00b4bd492\"},\"headline\":\"Let the science fiction begin!\",\"datePublished\":\"2012-12-01T08:38:57+00:00\",\"dateModified\":\"2022-02-01T10:02:57+00:00\",\"mainEntityOfPage\":{\"@id\":\"https:\/\/www.sciencefictionfestival.org\/siamo-tornati-in-centro\/?lang=en\"},\"wordCount\":554,\"commentCount\":0,\"image\":{\"@id\":\"https:\/\/www.sciencefictionfestival.org\/siamo-tornati-in-centro\/?lang=en#primaryimage\"},\"thumbnailUrl\":\"https:\/\/sfft.noiza-assets.eu\/sfft\/2012\/12\/Siamo-tornati-in-centro.jpg\",\"articleSection\":[\"2012\"],\"inLanguage\":\"en-US\",\"potentialAction\":[{\"@type\":\"CommentAction\",\"name\":\"Comment\",\"target\":[\"https:\/\/www.sciencefictionfestival.org\/siamo-tornati-in-centro\/?lang=en#respond\"]}]},{\"@type\":\"WebPage\",\"@id\":\"https:\/\/www.sciencefictionfestival.org\/siamo-tornati-in-centro\/?lang=en\",\"url\":\"https:\/\/www.sciencefictionfestival.org\/siamo-tornati-in-centro\/?lang=en\",\"name\":\"Let the science fiction begin! - Trieste Science+Fiction Festival\",\"isPartOf\":{\"@id\":\"https:\/\/www.sciencefictionfestival.org\/#website\"},\"primaryImageOfPage\":{\"@id\":\"https:\/\/www.sciencefictionfestival.org\/siamo-tornati-in-centro\/?lang=en#primaryimage\"},\"image\":{\"@id\":\"https:\/\/www.sciencefictionfestival.org\/siamo-tornati-in-centro\/?lang=en#primaryimage\"},\"thumbnailUrl\":\"https:\/\/sfft.noiza-assets.eu\/sfft\/2012\/12\/Siamo-tornati-in-centro.jpg\",\"datePublished\":\"2012-12-01T08:38:57+00:00\",\"dateModified\":\"2022-02-01T10:02:57+00:00\",\"author\":{\"@id\":\"https:\/\/www.sciencefictionfestival.org\/#\/schema\/person\/d7f56a75ad687eeb8b1403a00b4bd492\"},\"breadcrumb\":{\"@id\":\"https:\/\/www.sciencefictionfestival.org\/siamo-tornati-in-centro\/?lang=en#breadcrumb\"},\"inLanguage\":\"en-US\",\"potentialAction\":[{\"@type\":\"ReadAction\",\"target\":[\"https:\/\/www.sciencefictionfestival.org\/siamo-tornati-in-centro\/?lang=en\"]}]},{\"@type\":\"ImageObject\",\"inLanguage\":\"en-US\",\"@id\":\"https:\/\/www.sciencefictionfestival.org\/siamo-tornati-in-centro\/?lang=en#primaryimage\",\"url\":\"https:\/\/sfft.noiza-assets.eu\/sfft\/2012\/12\/Siamo-tornati-in-centro.jpg\",\"contentUrl\":\"https:\/\/sfft.noiza-assets.eu\/sfft\/2012\/12\/Siamo-tornati-in-centro.jpg\",\"width\":1000,\"height\":562},{\"@type\":\"BreadcrumbList\",\"@id\":\"https:\/\/www.sciencefictionfestival.org\/siamo-tornati-in-centro\/?lang=en#breadcrumb\",\"itemListElement\":[{\"@type\":\"ListItem\",\"position\":1,\"name\":\"Home\",\"item\":\"https:\/\/www.sciencefictionfestival.org\/en\/\"},{\"@type\":\"ListItem\",\"position\":2,\"name\":\"Let the science fiction begin!\"}]},{\"@type\":\"WebSite\",\"@id\":\"https:\/\/www.sciencefictionfestival.org\/#website\",\"url\":\"https:\/\/www.sciencefictionfestival.org\/\",\"name\":\"Trieste Science+Fiction Festival\",\"description\":\"Festival della Fantascienza di Trieste\",\"potentialAction\":[{\"@type\":\"SearchAction\",\"target\":{\"@type\":\"EntryPoint\",\"urlTemplate\":\"https:\/\/www.sciencefictionfestival.org\/?s={search_term_string}\"},\"query-input\":{\"@type\":\"PropertyValueSpecification\",\"valueRequired\":true,\"valueName\":\"search_term_string\"}}],\"inLanguage\":\"en-US\"},{\"@type\":\"Person\",\"@id\":\"https:\/\/www.sciencefictionfestival.org\/#\/schema\/person\/d7f56a75ad687eeb8b1403a00b4bd492\",\"name\":\"admin\",\"image\":{\"@type\":\"ImageObject\",\"inLanguage\":\"en-US\",\"@id\":\"https:\/\/www.sciencefictionfestival.org\/#\/schema\/person\/image\/\",\"url\":\"https:\/\/secure.gravatar.com\/avatar\/d364ce97a0d19bdebc18977bdfb68e0be3c6499c489d2dcc893502aee58165d0?s=96&d=mm&r=g\",\"contentUrl\":\"https:\/\/secure.gravatar.com\/avatar\/d364ce97a0d19bdebc18977bdfb68e0be3c6499c489d2dcc893502aee58165d0?s=96&d=mm&r=g\",\"caption\":\"admin\"},\"sameAs\":[\"https:\/\/www.sciencefictionfestival.org\"],\"url\":\"https:\/\/www.sciencefictionfestival.org\/en\/author\/admin\/\"}]}<\/script>\n<!-- \/ Yoast SEO plugin. -->","yoast_head_json":{"title":"Let the science fiction begin! - Trieste Science+Fiction Festival","robots":{"index":"index","follow":"follow","max-snippet":"max-snippet:-1","max-image-preview":"max-image-preview:large","max-video-preview":"max-video-preview:-1"},"canonical":"https:\/\/www.sciencefictionfestival.org\/siamo-tornati-in-centro\/?lang=en","og_locale":"en_US","og_type":"article","og_title":"Let the science fiction begin! - Trieste Science+Fiction Festival","og_description":"Daniele Terzoli, President of the Cappella Underground, has finally shed light on this year\u2019s Trieste Science+Fiction festival. The 2012 edition will take place from Wednesday 5th December until Sunday 9th December at the Sala Tripcovich and Teatro Miela, where the [&hellip;] More","og_url":"https:\/\/www.sciencefictionfestival.org\/siamo-tornati-in-centro\/?lang=en","og_site_name":"Trieste Science+Fiction Festival","article_published_time":"2012-12-01T08:38:57+00:00","article_modified_time":"2022-02-01T10:02:57+00:00","og_image":[{"width":1000,"height":562,"url":"https:\/\/www.sciencefictionfestival.org\/wp-content\/uploads\/2012\/12\/Siamo-tornati-in-centro.jpg","type":"image\/jpeg"}],"author":"admin","twitter_card":"summary_large_image","twitter_misc":{"Written by":"admin","Est. reading time":"3 minutes"},"schema":{"@context":"https:\/\/schema.org","@graph":[{"@type":"Article","@id":"https:\/\/www.sciencefictionfestival.org\/siamo-tornati-in-centro\/?lang=en#article","isPartOf":{"@id":"https:\/\/www.sciencefictionfestival.org\/siamo-tornati-in-centro\/?lang=en"},"author":{"name":"admin","@id":"https:\/\/www.sciencefictionfestival.org\/#\/schema\/person\/d7f56a75ad687eeb8b1403a00b4bd492"},"headline":"Let the science fiction begin!","datePublished":"2012-12-01T08:38:57+00:00","dateModified":"2022-02-01T10:02:57+00:00","mainEntityOfPage":{"@id":"https:\/\/www.sciencefictionfestival.org\/siamo-tornati-in-centro\/?lang=en"},"wordCount":554,"commentCount":0,"image":{"@id":"https:\/\/www.sciencefictionfestival.org\/siamo-tornati-in-centro\/?lang=en#primaryimage"},"thumbnailUrl":"https:\/\/sfft.noiza-assets.eu\/sfft\/2012\/12\/Siamo-tornati-in-centro.jpg","articleSection":["2012"],"inLanguage":"en-US","potentialAction":[{"@type":"CommentAction","name":"Comment","target":["https:\/\/www.sciencefictionfestival.org\/siamo-tornati-in-centro\/?lang=en#respond"]}]},{"@type":"WebPage","@id":"https:\/\/www.sciencefictionfestival.org\/siamo-tornati-in-centro\/?lang=en","url":"https:\/\/www.sciencefictionfestival.org\/siamo-tornati-in-centro\/?lang=en","name":"Let the science fiction begin! - Trieste Science+Fiction Festival","isPartOf":{"@id":"https:\/\/www.sciencefictionfestival.org\/#website"},"primaryImageOfPage":{"@id":"https:\/\/www.sciencefictionfestival.org\/siamo-tornati-in-centro\/?lang=en#primaryimage"},"image":{"@id":"https:\/\/www.sciencefictionfestival.org\/siamo-tornati-in-centro\/?lang=en#primaryimage"},"thumbnailUrl":"https:\/\/sfft.noiza-assets.eu\/sfft\/2012\/12\/Siamo-tornati-in-centro.jpg","datePublished":"2012-12-01T08:38:57+00:00","dateModified":"2022-02-01T10:02:57+00:00","author":{"@id":"https:\/\/www.sciencefictionfestival.org\/#\/schema\/person\/d7f56a75ad687eeb8b1403a00b4bd492"},"breadcrumb":{"@id":"https:\/\/www.sciencefictionfestival.org\/siamo-tornati-in-centro\/?lang=en#breadcrumb"},"inLanguage":"en-US","potentialAction":[{"@type":"ReadAction","target":["https:\/\/www.sciencefictionfestival.org\/siamo-tornati-in-centro\/?lang=en"]}]},{"@type":"ImageObject","inLanguage":"en-US","@id":"https:\/\/www.sciencefictionfestival.org\/siamo-tornati-in-centro\/?lang=en#primaryimage","url":"https:\/\/sfft.noiza-assets.eu\/sfft\/2012\/12\/Siamo-tornati-in-centro.jpg","contentUrl":"https:\/\/sfft.noiza-assets.eu\/sfft\/2012\/12\/Siamo-tornati-in-centro.jpg","width":1000,"height":562},{"@type":"BreadcrumbList","@id":"https:\/\/www.sciencefictionfestival.org\/siamo-tornati-in-centro\/?lang=en#breadcrumb","itemListElement":[{"@type":"ListItem","position":1,"name":"Home","item":"https:\/\/www.sciencefictionfestival.org\/en\/"},{"@type":"ListItem","position":2,"name":"Let the science fiction begin!"}]},{"@type":"WebSite","@id":"https:\/\/www.sciencefictionfestival.org\/#website","url":"https:\/\/www.sciencefictionfestival.org\/","name":"Trieste Science+Fiction Festival","description":"Festival della Fantascienza di Trieste","potentialAction":[{"@type":"SearchAction","target":{"@type":"EntryPoint","urlTemplate":"https:\/\/www.sciencefictionfestival.org\/?s={search_term_string}"},"query-input":{"@type":"PropertyValueSpecification","valueRequired":true,"valueName":"search_term_string"}}],"inLanguage":"en-US"},{"@type":"Person","@id":"https:\/\/www.sciencefictionfestival.org\/#\/schema\/person\/d7f56a75ad687eeb8b1403a00b4bd492","name":"admin","image":{"@type":"ImageObject","inLanguage":"en-US","@id":"https:\/\/www.sciencefictionfestival.org\/#\/schema\/person\/image\/","url":"https:\/\/secure.gravatar.com\/avatar\/d364ce97a0d19bdebc18977bdfb68e0be3c6499c489d2dcc893502aee58165d0?s=96&d=mm&r=g","contentUrl":"https:\/\/secure.gravatar.com\/avatar\/d364ce97a0d19bdebc18977bdfb68e0be3c6499c489d2dcc893502aee58165d0?s=96&d=mm&r=g","caption":"admin"},"sameAs":["https:\/\/www.sciencefictionfestival.org"],"url":"https:\/\/www.sciencefictionfestival.org\/en\/author\/admin\/"}]}},"wps_subtitle":"","_links":{"self":[{"href":"https:\/\/www.sciencefictionfestival.org\/en\/wp-json\/wp\/v2\/posts\/40504","targetHints":{"allow":["GET"]}}],"collection":[{"href":"https:\/\/www.sciencefictionfestival.org\/en\/wp-json\/wp\/v2\/posts"}],"about":[{"href":"https:\/\/www.sciencefictionfestival.org\/en\/wp-json\/wp\/v2\/types\/post"}],"author":[{"embeddable":true,"href":"https:\/\/www.sciencefictionfestival.org\/en\/wp-json\/wp\/v2\/users\/1"}],"replies":[{"embeddable":true,"href":"https:\/\/www.sciencefictionfestival.org\/en\/wp-json\/wp\/v2\/comments?post=40504"}],"version-history":[{"count":1,"href":"https:\/\/www.sciencefictionfestival.org\/en\/wp-json\/wp\/v2\/posts\/40504\/revisions"}],"predecessor-version":[{"id":40505,"href":"https:\/\/www.sciencefictionfestival.org\/en\/wp-json\/wp\/v2\/posts\/40504\/revisions\/40505"}],"wp:featuredmedia":[{"embeddable":true,"href":"https:\/\/www.sciencefictionfestival.org\/en\/wp-json\/wp\/v2\/media\/40502"}],"wp:attachment":[{"href":"https:\/\/www.sciencefictionfestival.org\/en\/wp-json\/wp\/v2\/media?parent=40504"}],"wp:term":[{"taxonomy":"category","embeddable":true,"href":"https:\/\/www.sciencefictionfestival.org\/en\/wp-json\/wp\/v2\/categories?post=40504"},{"taxonomy":"post_tag","embeddable":true,"href":"https:\/\/www.sciencefictionfestival.org\/en\/wp-json\/wp\/v2\/tags?post=40504"},{"taxonomy":"adace-sponsor","embeddable":true,"href":"https:\/\/www.sciencefictionfestival.org\/en\/wp-json\/wp\/v2\/adace-sponsor?post=40504"}],"curies":[{"name":"wp","href":"https:\/\/api.w.org\/{rel}","templated":true}]}}